{"id":23660,"date":"2025-04-10T07:54:00","date_gmt":"2025-04-10T05:54:00","guid":{"rendered":"https:\/\/conexionsp.com\/laender-nationalitaetsbezeichnungen-und-sprachen\/"},"modified":"2026-08-03T06:25:11","modified_gmt":"2026-08-03T04:25:11","slug":"laender-nationalitaetsbezeichnungen-und-sprachen","status":"publish","type":"post","link":"https:\/\/conexionsp.com\/de\/laender-nationalitaetsbezeichnungen-und-sprachen\/","title":{"rendered":"L\u00e4nder, Nationalit\u00e4tsbezeichnungen und Sprachen"},"content":{"rendered":"\t\t<div data-elementor-type=\"wp-post\" data-elementor-id=\"23660\" class=\"elementor elementor-23660 elementor-23639\" data-elementor-post-type=\"post\">\n\t\t\t\t\t\t<section class=\"elementor-section elementor-top-section elementor-element elementor-element-eff2ecf elementor-section-boxed elementor-section-height-default elementor-section-height-default qodef-elementor-content-no\" data-id=\"eff2ecf\" data-element_type=\"section\" data-e-type=\"section\">\n\t\t\t\t\t\t<div class=\"elementor-container elementor-column-gap-default\">\n\t\t\t\t\t<div class=\"elementor-column elementor-col-100 elementor-top-column elementor-element elementor-element-3bb1d8d\" data-id=\"3bb1d8d\" data-element_type=\"column\" data-e-type=\"column\">\n\t\t\t<div class=\"elementor-widget-wrap elementor-element-populated\">\n\t\t\t\t\t\t<div class=\"elementor-element elementor-element-275e954 elementor-widget__width-initial elementor-widget-mobile__width-initial elementor-widget elementor-widget-elipsa_core_dropcaps\" data-id=\"275e954\" data-element_type=\"widget\" data-e-type=\"widget\" data-widget_type=\"elipsa_core_dropcaps.default\">\n\t\t\t\t<div class=\"elementor-widget-container\">\n\t\t\t\t\t<div class=\"qodef-shortcode qodef-m  qodef-dropcaps qodef-type--simple\">\n\t<span class=\"qodef-m-letter\" >I<\/span>\n\t\t\t<p class=\"qodef-m-text\" >In diesem Artikel schauen wir uns die spanischen Namen der L\u00e4nder der Welt an, ihre Nationalit\u00e4tsbezeichnungen und die Namen der Sprachen, die in jedem Land gesprochen werden. Das angegebene grammatische Geschlecht (m\/f) ist das, welches grammatisch dem L\u00e4ndernamen entspricht (das zum Beispiel bei todo Uruguay [ganz Uruguay] oder toda Argentina [ganz Argentinien] gilt), auch wenn im aktuellen Sprachgebrauch viele L\u00e4ndernamen ohne Artikel verwendet werden. Bei den Sprachen wird die offizielle Sprache oder die am h\u00e4ufigsten verwendete(n) Sprache(n) angegeben; bei L\u00e4ndern mit mehr als zwei oder drei Amtssprachen werden nur die wichtigsten genannt. Das ist eine Menge Information auf einmal, aber die gute Nachricht ist, dass nicht alles davon notwendig ist: Wenn wir eine Fremdsprache lernen, brauchen wir f\u00fcr den t\u00e4glichen Gebrauch im Allgemeinen nur den Namen und die \u00fcbrigen Informationen zu einigen L\u00e4ndern zu lernen. Deshalb empfehle ich, zun\u00e4chst vor allem die Informationen zu den L\u00e4ndern nachzuschlagen, die du wirklich brauchst. Los geht&#039;s!<\/p>\n\t<\/div>\t\t\t\t<\/div>\n\t\t\t\t<\/div>\n\t\t\t\t<div class=\"elementor-element elementor-element-951d979 elementor-widget__width-initial elementor-widget elementor-widget-text-editor\" data-id=\"951d979\" data-element_type=\"widget\" data-e-type=\"widget\" data-widget_type=\"text-editor.default\">\n\t\t\t\t<div class=\"elementor-widget-container\">\n\t\t\t\t\t\t\t\t\t<p class=\"text-text-100 mt-3 -mb-1 text-[1.125rem] font-bold\" dir=\"ltr\"><strong>Die Verben ser, vivir und hablar.<\/strong><\/p><p class=\"font-claude-response-body break-words whitespace-normal\" dir=\"ltr\">Um unsere Herkunft anzugeben oder nach der Herkunft von jemandem zu fragen, verwenden wir das Verb ser (sein). Schauen wir uns seine Konjugation im Pr\u00e4sens Indikativ an.<\/p><p class=\"font-claude-response-body break-words whitespace-normal\" dir=\"ltr\">Yo soy<br \/>T\u00fa eres)<br \/>\u00c9l\/Ella\/Usted es<\/p><p class=\"font-claude-response-body break-words whitespace-normal\" dir=\"ltr\">Nosotros\/as somos<br \/>Vosotros\/as sois<br \/>Ellos\/Ellas\/Ustedes son<\/p><p class=\"font-claude-response-body break-words whitespace-normal\" dir=\"ltr\">Um anzugeben, aus welchem Land wir kommen, oder um zu fragen, aus welchem Land jemand kommt, verwenden wir die Pr\u00e4position <em>de<\/em>.<\/p><p class=\"font-claude-response-body break-words whitespace-normal\" dir=\"ltr\">\u00bf<em>De<\/em> qu\u00e9 pa\u00eds eres? (Aus welchem Land kommst du?)<br \/>Yo soy <em>de<\/em> Uruguay. (Ich komme aus Uruguay.)<\/p><p class=\"font-claude-response-body break-words whitespace-normal\" dir=\"ltr\">Ebenfalls sehr gebr\u00e4uchlich ist die Frage <em>\u00bfDe d\u00f3nde eres?<\/em> (Woher kommst du?) und die Antwort bleibt gleich.<\/p><p class=\"font-claude-response-body break-words whitespace-normal\" dir=\"ltr\">Um die Nationalit\u00e4tsbezeichnung zu nennen oder nach der Nationalit\u00e4t einer Person zu fragen, weil wir eine Vermutung \u00fcber ihre Herkunft haben, verwenden wir keine Pr\u00e4positionen.<\/p><p class=\"font-claude-response-body break-words whitespace-normal\" dir=\"ltr\">\u00bfEres uruguayo? (Bist du Uruguayer?)<br \/>Soy uruguayo. (Ich bin Uruguayer.)<\/p><p class=\"font-claude-response-body break-words whitespace-normal\" dir=\"ltr\">Nationalit\u00e4tsbezeichnungen werden im Spanischen kleingeschrieben.<\/p><p class=\"font-claude-response-body break-words whitespace-normal\" dir=\"ltr\">Um das Land anzugeben oder danach zu fragen, in dem eine Person lebt, verwenden wir normalerweise das Verb vivir (leben, wohnen). Schauen wir uns seine Konjugation im Pr\u00e4sens Indikativ an.<\/p><p class=\"font-claude-response-body break-words whitespace-normal\" dir=\"ltr\">Yo vivo<br \/>T\u00fa vives<br \/>\u00c9l\/Ella\/Usted vive<\/p><p class=\"font-claude-response-body break-words whitespace-normal\" dir=\"ltr\">Nosotros\/as vivimos<br \/>Vosotros\/as viv\u00eds<br \/>Ellos\/Ellas\/Ustedes viven<\/p><p class=\"font-claude-response-body break-words whitespace-normal\" dir=\"ltr\">In diesem Fall brauchen wir ebenfalls eine Pr\u00e4position, n\u00e4mlich en.<\/p><p class=\"font-claude-response-body break-words whitespace-normal\" dir=\"ltr\">\u00bfEn qu\u00e9 pa\u00eds vives? \/ \u00bfEn d\u00f3nde vives? (In welchem Land wohnst du? \/ Wo wohnst du?)<br \/>Vivo en Uruguay. (Ich wohne in Uruguay.)<\/p><p class=\"font-claude-response-body break-words whitespace-normal\" dir=\"ltr\">Um die Sprachen anzugeben oder danach zu fragen, die eine Person spricht, verwenden wir das Verb hablar (sprechen). Schauen wir uns seine Konjugation im Pr\u00e4sens Indikativ an.<\/p><p class=\"font-claude-response-body break-words whitespace-normal\" dir=\"ltr\">Yo hablo<br \/>T\u00fa hablas<br \/>\u00c9l\/Ella\/Usted habla<\/p><p class=\"font-claude-response-body break-words whitespace-normal\" dir=\"ltr\">Nosotros\/as hablamos<br \/>Vosotros\/as habl\u00e1is<br \/>Ellos\/Ellas\/Ustedes hablan<\/p><p class=\"font-claude-response-body break-words whitespace-normal\" dir=\"ltr\">Pr\u00e4positionen sind nicht notwendig.<\/p><p class=\"font-claude-response-body break-words whitespace-normal\" dir=\"ltr\">\u00bfQu\u00e9 idiomas hablas? (Welche Sprachen sprichst du?)<br \/>Hablo ingl\u00e9s, alem\u00e1n y franc\u00e9s. (Ich spreche Englisch, Deutsch und Franz\u00f6sisch.)<\/p><p class=\"font-claude-response-body break-words whitespace-normal\" dir=\"ltr\">Wir k\u00f6nnen nat\u00fcrlich auch direkt nach einer bestimmten Sprache fragen. <em>\u00bfHablas espa\u00f1ol?<\/em> (Sprichst du Spanisch?)<\/p><p class=\"font-claude-response-body break-words whitespace-normal\" dir=\"ltr\">Klarstellung: Wenn wir uns auf die Sprache beziehen, in der zum Beispiel ein Buch oder eine andere Art von Inhalt verfasst ist, verwenden wir das Verb <em>estar<\/em> und die Pr\u00e4position <em>en<\/em>.<\/p><p class=\"font-claude-response-body break-words whitespace-normal\" dir=\"ltr\">La pel\u00edcula est\u00e1 en espa\u00f1ol. (Der Film ist auf Spanisch.)<\/p><p class=\"text-text-100 mt-3 -mb-1 text-[1.125rem] font-bold\" dir=\"ltr\"><strong>L\u00e4nder, Nationalit\u00e4tsbezeichnungen und Sprachen.<\/strong><\/p><p class=\"font-claude-response-body break-words whitespace-normal\" dir=\"ltr\">Im Folgenden eine ausf\u00fchrliche Liste von L\u00e4ndern im folgenden Format. Land (grammatisches Geschlecht): m\u00e4nnliche Nationalit\u00e4tsbezeichnung, weibliche Nationalit\u00e4tsbezeichnung. Gesprochene Sprache(n). Beispiel: Uruguay (m): el uruguayo, la uruguaya. Espa\u00f1ol. (Uruguay [m]: der Uruguayer, die Uruguayerin. Spanisch.)<\/p>\t\t\t\t\t\t\t\t<\/div>\n\t\t\t\t<\/div>\n\t\t\t\t<div class=\"elementor-element elementor-element-61b717a elementor-widget__width-initial elementor-widget elementor-widget-shortcode\" data-id=\"61b717a\" data-element_type=\"widget\" data-e-type=\"widget\" data-widget_type=\"shortcode.default\">\n\t\t\t\t<div class=\"elementor-widget-container\">\n\t\t\t\t\t\t\t<div class=\"elementor-shortcode\"><div class=\"h5p-iframe-wrapper\"><iframe id=\"h5p-iframe-286\" class=\"h5p-iframe\" data-content-id=\"286\" style=\"height:1px\" src=\"about:blank\" frameBorder=\"0\" scrolling=\"no\" title=\"Pa\u00edses, idiomas y gentilicios.\"><\/iframe><\/div><\/div>\n\t\t\t\t\t\t<\/div>\n\t\t\t\t<\/div>\n\t\t\t\t\t<\/div>\n\t\t<\/div>\n\t\t\t\t\t<\/div>\n\t\t<\/section>\n\t\t<div class=\"elementor-element elementor-element-9697b62 e-con-full e-flex e-con e-parent\" data-id=\"9697b62\" data-element_type=\"container\" data-e-type=\"container\">\n\t\t\t\t<div class=\"elementor-element elementor-element-f72004d elementor-widget-mobile__width-initial elementor-post-navigation-borders-yes elementor-widget elementor-widget-post-navigation\" data-id=\"f72004d\" data-element_type=\"widget\" data-e-type=\"widget\" data-widget_type=\"post-navigation.default\">\n\t\t\t\t<div class=\"elementor-widget-container\">\n\t\t\t\t\t\t\t<div class=\"elementor-post-navigation\" role=\"navigation\" aria-label=\"Beitrag Navigation\">\n\t\t\t<div class=\"elementor-post-navigation__prev elementor-post-navigation__link\">\n\t\t\t\t<a href=\"https:\/\/conexionsp.com\/de\/wortschatz-beruf-und-arbeit\/\" rel=\"prev\"><span class=\"post-navigation__arrow-wrapper post-navigation__arrow-prev\"><svg aria-hidden=\"true\" class=\"e-font-icon-svg e-fas-angle-left\" viewBox=\"0 0 256 512\" xmlns=\"http:\/\/www.w3.org\/2000\/svg\"><path d=\"M31.7 239l136-136c9.4-9.4 24.6-9.4 33.9 0l22.6 22.6c9.4 9.4 9.4 24.6 0 33.9L127.9 256l96.4 96.4c9.4 9.4 9.4 24.6 0 33.9L201.7 409c-9.4 9.4-24.6 9.4-33.9 0l-136-136c-9.5-9.4-9.5-24.6-.1-34z\"><\/path><\/svg><span class=\"elementor-screen-only\">Zur\u00fcck<\/span><\/span><span class=\"elementor-post-navigation__link__prev\"><span class=\"post-navigation__prev--label\">Anterior<\/span><span class=\"post-navigation__prev--title\">Wortschatz: Beruf und Arbeit<\/span><\/span><\/a>\t\t\t<\/div>\n\t\t\t\t\t\t\t<div class=\"elementor-post-navigation__separator-wrapper\">\n\t\t\t\t\t<div class=\"elementor-post-navigation__separator\"><\/div>\n\t\t\t\t<\/div>\n\t\t\t\t\t\t<div class=\"elementor-post-navigation__next elementor-post-navigation__link\">\n\t\t\t\t<a href=\"https:\/\/conexionsp.com\/de\/selbstvorstellung\/\" rel=\"next\"><span class=\"elementor-post-navigation__link__next\"><span class=\"post-navigation__next--label\">Siguiente<\/span><span class=\"post-navigation__next--title\">Selbstvorstellung<\/span><\/span><span class=\"post-navigation__arrow-wrapper post-navigation__arrow-next\"><svg aria-hidden=\"true\" class=\"e-font-icon-svg e-fas-angle-right\" viewBox=\"0 0 256 512\" xmlns=\"http:\/\/www.w3.org\/2000\/svg\"><path d=\"M224.3 273l-136 136c-9.4 9.4-24.6 9.4-33.9 0l-22.6-22.6c-9.4-9.4-9.4-24.6 0-33.9l96.4-96.4-96.4-96.4c-9.4-9.4-9.4-24.6 0-33.9L54.3 103c9.4-9.4 24.6-9.4 33.9 0l136 136c9.5 9.4 9.5 24.6.1 34z\"><\/path><\/svg><span class=\"elementor-screen-only\">N\u00e4chster<\/span><\/span><\/a>\t\t\t<\/div>\n\t\t<\/div>\n\t\t\t\t\t\t<\/div>\n\t\t\t\t<\/div>\n\t\t\t\t<\/div>\n\t\t\t\t<\/div>\n\t\t","protected":false},"excerpt":{"rendered":"<p>L\u00e4nder, Nationalit\u00e4tsbezeichnungen und Sprachen.<\/p>\n","protected":false},"author":1,"featured_media":23647,"comment_status":"open","ping_status":"open","sticky":false,"template":"","format":"standard","meta":{"footnotes":""},"categories":[102],"tags":[215],"class_list":["post-23660","post","type-post","status-publish","format-standard","has-post-thumbnail","hentry","category-unkategorisiert","tag-vocabulario-de"],"_links":{"self":[{"href":"https:\/\/conexionsp.com\/de\/wp-json\/wp\/v2\/posts\/23660","targetHints":{"allow":["GET"]}}],"collection":[{"href":"https:\/\/conexionsp.com\/de\/wp-json\/wp\/v2\/posts"}],"about":[{"href":"https:\/\/conexionsp.com\/de\/wp-json\/wp\/v2\/types\/post"}],"author":[{"embeddable":true,"href":"https:\/\/conexionsp.com\/de\/wp-json\/wp\/v2\/users\/1"}],"replies":[{"embeddable":true,"href":"https:\/\/conexionsp.com\/de\/wp-json\/wp\/v2\/comments?post=23660"}],"version-history":[{"count":5,"href":"https:\/\/conexionsp.com\/de\/wp-json\/wp\/v2\/posts\/23660\/revisions"}],"predecessor-version":[{"id":23665,"href":"https:\/\/conexionsp.com\/de\/wp-json\/wp\/v2\/posts\/23660\/revisions\/23665"}],"wp:featuredmedia":[{"embeddable":true,"href":"https:\/\/conexionsp.com\/de\/wp-json\/wp\/v2\/media\/23647"}],"wp:attachment":[{"href":"https:\/\/conexionsp.com\/de\/wp-json\/wp\/v2\/media?parent=23660"}],"wp:term":[{"taxonomy":"category","embeddable":true,"href":"https:\/\/conexionsp.com\/de\/wp-json\/wp\/v2\/categories?post=23660"},{"taxonomy":"post_tag","embeddable":true,"href":"https:\/\/conexionsp.com\/de\/wp-json\/wp\/v2\/tags?post=23660"}],"curies":[{"name":"wp","href":"https:\/\/api.w.org\/{rel}","templated":true}]}}