{"id":23666,"date":"2025-04-10T07:54:00","date_gmt":"2025-04-10T05:54:00","guid":{"rendered":"https:\/\/conexionsp.com\/pays-gentiles-et-langues\/"},"modified":"2026-08-03T07:07:09","modified_gmt":"2026-08-03T05:07:09","slug":"pays-gentiles-et-langues","status":"publish","type":"post","link":"https:\/\/conexionsp.com\/fr\/pays-gentiles-et-langues\/","title":{"rendered":"Pays, gentil\u00e9s et langues"},"content":{"rendered":"\t\t<div data-elementor-type=\"wp-post\" data-elementor-id=\"23666\" class=\"elementor elementor-23666 elementor-23639\" data-elementor-post-type=\"post\">\n\t\t\t\t\t\t<section class=\"elementor-section elementor-top-section elementor-element elementor-element-eff2ecf elementor-section-boxed elementor-section-height-default elementor-section-height-default qodef-elementor-content-no\" data-id=\"eff2ecf\" data-element_type=\"section\" data-e-type=\"section\">\n\t\t\t\t\t\t<div class=\"elementor-container elementor-column-gap-default\">\n\t\t\t\t\t<div class=\"elementor-column elementor-col-100 elementor-top-column elementor-element elementor-element-3bb1d8d\" data-id=\"3bb1d8d\" data-element_type=\"column\" data-e-type=\"column\">\n\t\t\t<div class=\"elementor-widget-wrap elementor-element-populated\">\n\t\t\t\t\t\t<div class=\"elementor-element elementor-element-275e954 elementor-widget__width-initial elementor-widget-mobile__width-initial elementor-widget elementor-widget-elipsa_core_dropcaps\" data-id=\"275e954\" data-element_type=\"widget\" data-e-type=\"widget\" data-widget_type=\"elipsa_core_dropcaps.default\">\n\t\t\t\t<div class=\"elementor-widget-container\">\n\t\t\t\t\t<div class=\"qodef-shortcode qodef-m  qodef-dropcaps qodef-type--simple\">\n\t<span class=\"qodef-m-letter\" >E<\/span>\n\t\t\t<p class=\"qodef-m-text\" >ans cet article, nous verrons le nom en espagnol des pays du monde, leurs gentil\u00e9s et le nom des langues parl\u00e9es dans chaque pays. Le genre (m\/f) indiqu\u00e9 est celui qui correspond grammaticalement au nom du pays (celui qui r\u00e9git, par exemple, dans todo Uruguay [tout l&#039;Uruguay] ou toda Argentina [toute l&#039;Argentine]), bien que dans l&#039;usage actuel de nombreux noms de pays soient employ\u00e9s sans article. Pour les langues, on indique la ou les langues officielles ou majoritairement utilis\u00e9es; les pays comptant plus de deux ou trois langues officielles sont r\u00e9sum\u00e9s aux principales. C&#039;est beaucoup d&#039;informations \u00e0 la fois, mais la bonne nouvelle, c&#039;est que tout n&#039;est pas n\u00e9cessaire: quand nous apprenons une langue \u00e9trang\u00e8re, pour l&#039;usage quotidien, nous avons g\u00e9n\u00e9ralement besoin d&#039;apprendre le nom et le reste des informations de certains pays seulement, donc je recommande de commencer par chercher, principalement, les informations des pays dont tu as vraiment besoin. C&#039;est parti!<\/p>\n\t<\/div>\t\t\t\t<\/div>\n\t\t\t\t<\/div>\n\t\t\t\t<div class=\"elementor-element elementor-element-951d979 elementor-widget__width-initial elementor-widget elementor-widget-text-editor\" data-id=\"951d979\" data-element_type=\"widget\" data-e-type=\"widget\" data-widget_type=\"text-editor.default\">\n\t\t\t\t<div class=\"elementor-widget-container\">\n\t\t\t\t\t\t\t\t\t<p class=\"text-text-100 mt-3 -mb-1 text-[1.125rem] font-bold\" dir=\"ltr\"><strong>Les verbes ser, vivir et hablar.<\/strong><\/p>\n<p><\/p>\n<p class=\"font-claude-response-body break-words whitespace-normal\" dir=\"ltr\">Pour indiquer notre origine ou pour demander l&rsquo;origine de quelqu&rsquo;un, nous utilisons le verbe ser (\u00eatre). R\u00e9visons sa conjugaison au pr\u00e9sent de l&rsquo;indicatif.<\/p>\n<p><\/p>\n<p class=\"font-claude-response-body break-words whitespace-normal\" dir=\"ltr\">Yo soy<br \/>\nT\u00fa eres<br \/>\n\u00c9l\/Ella\/Usted es<\/p>\n<p><\/p>\n<p class=\"font-claude-response-body break-words whitespace-normal\" dir=\"ltr\">Nosotros\/as somos<br \/>\nVosotros\/as sois<br \/>\nEllos\/Ellas\/Ustedes son<\/p>\n<p><\/p>\n<p class=\"font-claude-response-body break-words whitespace-normal\" dir=\"ltr\">Pour indiquer de quel pays nous venons ou pour demander de quel pays vient une personne, nous utilisons la pr\u00e9position <em>de<\/em>.<\/p>\n<p><\/p>\n<p class=\"font-claude-response-body break-words whitespace-normal\" dir=\"ltr\">\u00bf<em>De<\/em> qu\u00e9 pa\u00eds eres? (De quel pays es-tu?)<br \/>\nYo soy <em>de<\/em> Uruguay. (Je suis d&rsquo;Uruguay.)<\/p>\n<p><\/p>\n<p class=\"font-claude-response-body break-words whitespace-normal\" dir=\"ltr\">Il est \u00e9galement tr\u00e8s fr\u00e9quent de demander <em>\u00bfDe d\u00f3nde eres?<\/em> (D&rsquo;o\u00f9 viens-tu?) et la r\u00e9ponse ne change pas.<\/p>\n<p><\/p>\n<p class=\"font-claude-response-body break-words whitespace-normal\" dir=\"ltr\">Pour donner le gentil\u00e9, ou pour demander la nationalit\u00e9 d&rsquo;une personne parce que nous soup\u00e7onnons d&rsquo;o\u00f9 elle vient, nous n&rsquo;utilisons pas de pr\u00e9positions.<\/p>\n<p><\/p>\n<p class=\"font-claude-response-body break-words whitespace-normal\" dir=\"ltr\">\u00bfEres uruguayo? (Es-tu uruguayen?)<br \/>\nSoy uruguayo. (Je suis uruguayen.)<\/p>\n<p><\/p>\n<p class=\"font-claude-response-body break-words whitespace-normal\" dir=\"ltr\">En espagnol, les gentil\u00e9s s&rsquo;\u00e9crivent en minuscules.<\/p>\n<p><\/p>\n<p class=\"font-claude-response-body break-words whitespace-normal\" dir=\"ltr\">Pour indiquer ou demander le pays dans lequel une personne habite, nous utilisons normalement le verbe vivir (vivre). R\u00e9visons sa conjugaison au pr\u00e9sent de l&rsquo;indicatif.<\/p>\n<p><\/p>\n<p class=\"font-claude-response-body break-words whitespace-normal\" dir=\"ltr\">Yo vivo<br \/>\nT\u00fa vives<br \/>\n\u00c9l\/Ella\/Usted vive<\/p>\n<p><\/p>\n<p class=\"font-claude-response-body break-words whitespace-normal\" dir=\"ltr\">Nosotros\/as vivimos<br \/>\nVosotros\/as viv\u00eds<br \/>\nEllos\/Ellas\/Ustedes viven<\/p>\n<p><\/p>\n<p class=\"font-claude-response-body break-words whitespace-normal\" dir=\"ltr\">Dans ce cas, nous avons aussi besoin d&rsquo;une pr\u00e9position, qui est <em>en<\/em>.<\/p>\n<p><\/p>\n<p class=\"font-claude-response-body break-words whitespace-normal\" dir=\"ltr\">\u00bf<em>En<\/em> qu\u00e9 pa\u00eds vives? \/ \u00bf<em>En<\/em> d\u00f3nde vives? (Dans quel pays vis-tu? \/ O\u00f9 vis-tu?)<br \/>\nVivo <em>en<\/em> Uruguay. (Je vis en Uruguay.)<\/p>\n<p><\/p>\n<p class=\"font-claude-response-body break-words whitespace-normal\" dir=\"ltr\">Pour indiquer ou demander les langues que parle une personne, nous utilisons le verbe hablar (parler). R\u00e9visons sa conjugaison au pr\u00e9sent de l&rsquo;indicatif.<\/p>\n<p><\/p>\n<p class=\"font-claude-response-body break-words whitespace-normal\" dir=\"ltr\">Yo hablo<br \/>\nT\u00fa hablas<br \/>\n\u00c9l\/Ella\/Usted habla<\/p>\n<p><\/p>\n<p class=\"font-claude-response-body break-words whitespace-normal\" dir=\"ltr\">Nosotros\/as hablamos<br \/>\nVosotros\/as habl\u00e1is<br \/>\nEllos\/Ellas\/Ustedes hablan<\/p>\n<p><\/p>\n<p class=\"font-claude-response-body break-words whitespace-normal\" dir=\"ltr\">Il n&rsquo;est pas n\u00e9cessaire d&rsquo;utiliser de pr\u00e9positions.<\/p>\n<p><\/p>\n<p class=\"font-claude-response-body break-words whitespace-normal\" dir=\"ltr\">\u00bfQu\u00e9 idiomas hablas? (Quelles langues parles-tu?)<br \/>\nHablo ingl\u00e9s, alem\u00e1n y franc\u00e9s. (Je parle anglais, allemand et fran\u00e7ais.)<\/p>\n<p><\/p>\n<p class=\"font-claude-response-body break-words whitespace-normal\" dir=\"ltr\">Nous pouvons, bien s\u00fbr, demander directement \u00e0 propos d&rsquo;une langue en particulier. <em>\u00bfHablas espa\u00f1ol?<\/em> (Parles-tu espagnol?)<\/p>\n<p><\/p>\n<p class=\"font-claude-response-body break-words whitespace-normal\" dir=\"ltr\">Pr\u00e9cision: quand nous nous r\u00e9f\u00e9rons \u00e0 la langue dans laquelle se trouve, par exemple, un livre ou un autre type de contenu, nous utilisons le verbe <em>estar<\/em> et la pr\u00e9position <em>en<\/em>.<\/p>\n<p><\/p>\n<p class=\"font-claude-response-body break-words whitespace-normal\" dir=\"ltr\">La pel\u00edcula est\u00e1 en espa\u00f1ol. (Le film est en espagnol.)<\/p>\n<p><\/p>\n<p class=\"text-text-100 mt-3 -mb-1 text-[1.125rem] font-bold\" dir=\"ltr\"><strong>Pays, gentil\u00e9s et langues.<\/strong><\/p>\n<p><\/p>\n<p class=\"font-claude-response-body break-words whitespace-normal\" dir=\"ltr\">Voici une longue liste de pays selon le format suivant. Pays (genre grammatical): gentil\u00e9 masculin, gentil\u00e9 f\u00e9minin. Langue(s) parl\u00e9e(s). Exemple: Uruguay (m): el uruguayo, la uruguaya. Espa\u00f1ol. (Uruguay [m]: l&rsquo;Uruguayen, l&rsquo;Uruguayenne. Espagnol.)<\/p>\n\t\t\t\t\t\t\t\t<\/div>\n\t\t\t\t<\/div>\n\t\t\t\t<div class=\"elementor-element elementor-element-61b717a elementor-widget__width-initial elementor-widget elementor-widget-shortcode\" data-id=\"61b717a\" data-element_type=\"widget\" data-e-type=\"widget\" data-widget_type=\"shortcode.default\">\n\t\t\t\t<div class=\"elementor-widget-container\">\n\t\t\t\t\t\t\t<div class=\"elementor-shortcode\"><div class=\"h5p-iframe-wrapper\"><iframe id=\"h5p-iframe-286\" class=\"h5p-iframe\" data-content-id=\"286\" style=\"height:1px\" src=\"about:blank\" frameBorder=\"0\" scrolling=\"no\" title=\"Pa\u00edses, idiomas y gentilicios.\"><\/iframe><\/div><\/div>\n\t\t\t\t\t\t<\/div>\n\t\t\t\t<\/div>\n\t\t\t\t\t<\/div>\n\t\t<\/div>\n\t\t\t\t\t<\/div>\n\t\t<\/section>\n\t\t<div class=\"elementor-element elementor-element-9697b62 e-con-full e-flex e-con e-parent\" data-id=\"9697b62\" data-element_type=\"container\" data-e-type=\"container\">\n\t\t\t\t<div class=\"elementor-element elementor-element-f72004d elementor-widget-mobile__width-initial elementor-post-navigation-borders-yes elementor-widget elementor-widget-post-navigation\" data-id=\"f72004d\" data-element_type=\"widget\" data-e-type=\"widget\" data-widget_type=\"post-navigation.default\">\n\t\t\t\t<div class=\"elementor-widget-container\">\n\t\t\t\t\t\t\t<div class=\"elementor-post-navigation\" role=\"navigation\" aria-label=\"Navigation de publication\">\n\t\t\t<div class=\"elementor-post-navigation__prev elementor-post-navigation__link\">\n\t\t\t\t<a href=\"https:\/\/conexionsp.com\/fr\/vocabulaire-le-travail\/\" rel=\"prev\"><span class=\"post-navigation__arrow-wrapper post-navigation__arrow-prev\"><svg aria-hidden=\"true\" class=\"e-font-icon-svg e-fas-angle-left\" viewBox=\"0 0 256 512\" xmlns=\"http:\/\/www.w3.org\/2000\/svg\"><path d=\"M31.7 239l136-136c9.4-9.4 24.6-9.4 33.9 0l22.6 22.6c9.4 9.4 9.4 24.6 0 33.9L127.9 256l96.4 96.4c9.4 9.4 9.4 24.6 0 33.9L201.7 409c-9.4 9.4-24.6 9.4-33.9 0l-136-136c-9.5-9.4-9.5-24.6-.1-34z\"><\/path><\/svg><span class=\"elementor-screen-only\">Pr\u00e9c\u00e9dent<\/span><\/span><span class=\"elementor-post-navigation__link__prev\"><span class=\"post-navigation__prev--label\">Anterior<\/span><span class=\"post-navigation__prev--title\">Vocabulaire : Le travail<\/span><\/span><\/a>\t\t\t<\/div>\n\t\t\t\t\t\t\t<div class=\"elementor-post-navigation__separator-wrapper\">\n\t\t\t\t\t<div class=\"elementor-post-navigation__separator\"><\/div>\n\t\t\t\t<\/div>\n\t\t\t\t\t\t<div class=\"elementor-post-navigation__next elementor-post-navigation__link\">\n\t\t\t\t<a href=\"https:\/\/conexionsp.com\/fr\/presentation-personnelle\/\" rel=\"next\"><span class=\"elementor-post-navigation__link__next\"><span class=\"post-navigation__next--label\">Siguiente<\/span><span class=\"post-navigation__next--title\">Pr\u00e9sentation personnelle<\/span><\/span><span class=\"post-navigation__arrow-wrapper post-navigation__arrow-next\"><svg aria-hidden=\"true\" class=\"e-font-icon-svg e-fas-angle-right\" viewBox=\"0 0 256 512\" xmlns=\"http:\/\/www.w3.org\/2000\/svg\"><path d=\"M224.3 273l-136 136c-9.4 9.4-24.6 9.4-33.9 0l-22.6-22.6c-9.4-9.4-9.4-24.6 0-33.9l96.4-96.4-96.4-96.4c-9.4-9.4-9.4-24.6 0-33.9L54.3 103c9.4-9.4 24.6-9.4 33.9 0l136 136c9.5 9.4 9.5 24.6.1 34z\"><\/path><\/svg><span class=\"elementor-screen-only\">Suivant<\/span><\/span><\/a>\t\t\t<\/div>\n\t\t<\/div>\n\t\t\t\t\t\t<\/div>\n\t\t\t\t<\/div>\n\t\t\t\t<\/div>\n\t\t\t\t<\/div>\n\t\t","protected":false},"excerpt":{"rendered":"<p>Pays, gentil\u00e9s et langues.<\/p>\n","protected":false},"author":1,"featured_media":23646,"comment_status":"open","ping_status":"open","sticky":false,"template":"","format":"standard","meta":{"footnotes":""},"categories":[103],"tags":[216],"class_list":["post-23666","post","type-post","status-publish","format-standard","has-post-thumbnail","hentry","category-non-classifiee","tag-vocabulario-fr"],"_links":{"self":[{"href":"https:\/\/conexionsp.com\/fr\/wp-json\/wp\/v2\/posts\/23666","targetHints":{"allow":["GET"]}}],"collection":[{"href":"https:\/\/conexionsp.com\/fr\/wp-json\/wp\/v2\/posts"}],"about":[{"href":"https:\/\/conexionsp.com\/fr\/wp-json\/wp\/v2\/types\/post"}],"author":[{"embeddable":true,"href":"https:\/\/conexionsp.com\/fr\/wp-json\/wp\/v2\/users\/1"}],"replies":[{"embeddable":true,"href":"https:\/\/conexionsp.com\/fr\/wp-json\/wp\/v2\/comments?post=23666"}],"version-history":[{"count":4,"href":"https:\/\/conexionsp.com\/fr\/wp-json\/wp\/v2\/posts\/23666\/revisions"}],"predecessor-version":[{"id":23670,"href":"https:\/\/conexionsp.com\/fr\/wp-json\/wp\/v2\/posts\/23666\/revisions\/23670"}],"wp:featuredmedia":[{"embeddable":true,"href":"https:\/\/conexionsp.com\/fr\/wp-json\/wp\/v2\/media\/23646"}],"wp:attachment":[{"href":"https:\/\/conexionsp.com\/fr\/wp-json\/wp\/v2\/media?parent=23666"}],"wp:term":[{"taxonomy":"category","embeddable":true,"href":"https:\/\/conexionsp.com\/fr\/wp-json\/wp\/v2\/categories?post=23666"},{"taxonomy":"post_tag","embeddable":true,"href":"https:\/\/conexionsp.com\/fr\/wp-json\/wp\/v2\/tags?post=23666"}],"curies":[{"name":"wp","href":"https:\/\/api.w.org\/{rel}","templated":true}]}}